[{"@context":"https:\/\/schema.org\/","@type":"Article","@id":"https:\/\/www.exin.cz\/kdy-se-pouziva-chorus-pedal\/#Article","mainEntityOfPage":"https:\/\/www.exin.cz\/kdy-se-pouziva-chorus-pedal\/","headline":"Kdy se pou\u017e\u00edv\u00e1 chorus pedal","name":"Kdy se pou\u017e\u00edv\u00e1 chorus pedal","description":"Pokud poslouch\u00e1me hudbu, mnohdy n\u00e1s p\u0159ekvap\u00ed a \u010dasto i udiv\u00ed nejr\u016fzn\u011bj\u0161\u00ed zvukov\u00e9 efekty v n\u011bkter\u00fdch p\u00edsn\u00edch. \u010casto se pak div\u00edme, jak byl tento zvuk v\u016fbec [&hellip;]","datePublished":"2023-02-28","dateModified":"2023-02-28","author":{"@type":"Person","@id":"https:\/\/www.exin.cz\/author\/#Person","name":"","url":"https:\/\/www.exin.cz\/author\/","identifier":1,"image":{"@type":"ImageObject","@id":"https:\/\/secure.gravatar.com\/avatar\/c192bfd1262e8256fe3eac43754b6ece89624ea6667e488d9445cc2d04372644?s=96&d=mm&r=g","url":"https:\/\/secure.gravatar.com\/avatar\/c192bfd1262e8256fe3eac43754b6ece89624ea6667e488d9445cc2d04372644?s=96&d=mm&r=g","height":96,"width":96}},"publisher":{"@type":"Organization","name":"exin.cz","logo":{"@type":"ImageObject","@id":"\/logo.png","url":"\/logo.png","width":600,"height":60}},"image":{"@type":"ImageObject","@id":"https:\/\/www.exin.cz\/wp-content\/uploads\/muzika3_1.png","url":"https:\/\/www.exin.cz\/wp-content\/uploads\/muzika3_1.png","height":0,"width":0},"url":"https:\/\/www.exin.cz\/kdy-se-pouziva-chorus-pedal\/","about":["Produkty"],"wordCount":472,"articleBody":"   Pokud poslouch\u00e1me hudbu, mnohdy n\u00e1s p\u0159ekvap\u00ed a \u010dasto i udiv\u00ed nejr\u016fzn\u011bj\u0161\u00ed zvukov\u00e9 efekty v n\u011bkter\u00fdch p\u00edsn\u00edch. \u010casto se pak div\u00edme, jak byl tento zvuk v\u016fbec vyprodukov\u00e1n, zvl\u00e1\u0161t\u011b b\u011bhem \u017eiv\u00e9ho vystoupen\u00ed. To plat\u00ed p\u0159edev\u0161\u00edm u amat\u00e9rsk\u00fdch kapel, kter\u00e9 \u010dasto najdeme na vesnick\u00fdch plesech a b\u00e1lech, kdy se \u010dasto skl\u00e1daj\u00ed pouze z kytaristy, kl\u00e1vesisty a zp\u011bv\u00e1ka \u010di zp\u011bva\u010dky.Odpov\u011bd\u00ed je, \u017ee jsou vytv\u00e1\u0159eny r\u016fzn\u00fdmi p\u0159\u00eddavn\u00fdmi za\u0159\u00edzen\u00edmi, p\u0159ipojen\u00fdmi k po\u010d\u00edta\u010di. A jedn\u00edm z nich je i chorus pedal https:\/\/feedbackpedals.com\/product-category\/waves-efekty\/chorus-phaser-flanger\/. Ten je vyu\u017e\u00edv\u00e1n  https:\/\/www.czso.cz\/csu\/czso\/vyuzivani_informacnich_technologii pom\u011brn\u011b \u010dasto, nebo\u0165 pr\u00e1v\u011b on nab\u00edz\u00ed celou \u0161k\u00e1lu \u010dasto vyu\u017e\u00edvan\u00fdch zvuk\u016f.M\u016f\u017ee se jednat nap\u0159\u00edklad o takzvan\u00fd \u201estroboskop\u201c, kdy je zvuk p\u0159eru\u0161ovan\u00fd. S t\u00edm se nej\u010dast\u011bji setk\u00e1me na diskot\u00e9k\u00e1ch, a je sou\u010d\u00e1st\u00ed mnoha modern\u00edch p\u00edsn\u00ed. Pro b\u011b\u017en\u00e9ho zp\u011bv\u00e1ka je v\u0161ak t\u011b\u017ek\u00e9 toto reprodukovat, nen\u00ed proto divu, \u017ee se muzikanti v tomto \u010dasto spol\u00e9haj\u00ed pr\u00e1v\u011b na po\u010d\u00edta\u010d.Tak\u00e9 zde m\u00e1me rota\u010dn\u00ed funkci, kdy se zd\u00e1, jako by hudba postupn\u011b obch\u00e1zela celou m\u00edstnost. Toto samoz\u0159ejm\u011b krom\u011b ped\u00e1lu samotn\u00e9ho vy\u017eaduje i speci\u00e1ln\u00ed zapojen\u00ed reproduktor\u016f, aby mohlo b\u00fdt tohoto efektu dosa\u017eeno. Nevyu\u017e\u00edv\u00e1 se v\u0161ak a\u017e tak \u010dasto.Mnohem \u010dast\u011bji naraz\u00edme na zvukov\u00e9 vibrace, kdy hudba osciluje mezi dv\u011bma r\u016fzn\u00fdmi t\u00f3ny. Objevuje se p\u0159edev\u0161\u00edm v p\u00edsn\u00edch, kter\u00e9 maj\u00ed nap\u0159\u00edklad del\u0161\u00ed \u010d\u00e1st v jedn\u00e9 t\u00f3nin\u011b, a\u0165 u\u017e zp\u00edvan\u00e9 \u010di jen hran\u00e9 na hudebn\u00ed n\u00e1stroj. T\u00edmto se ozvl\u00e1\u0161tn\u00ed a ji\u017e nezn\u00ed tak jednotv\u00e1rn\u011b.Tento p\u0159\u00edstroj toho nab\u00edz\u00ed samoz\u0159ejm\u011b mnohem v\u00edce, av\u0161ak toto jsou ty nej\u010dast\u011bji pou\u017e\u00edvan\u00e9 funkce. Rozhodn\u011b tedy lze pochopit jeho oblibu, zvl\u00e1\u0161t\u011b tam, kde muzikanti nejsou na skute\u010dn\u011b profesion\u00e1ln\u00ed \u00farovni \u2013 a je pot\u0159eba \u0159\u00edci, \u017ee t\u011bch je na cel\u00e9m sv\u011bt\u011b skute\u010dn\u011b m\u00e1lo, a v na\u0161\u00ed zemi bychom je spo\u010d\u00edtali na prstech jedn\u00e9 ruky.Proto bychom jim nem\u011bli pou\u017e\u00edv\u00e1n\u00ed t\u011bchto pom\u016fcek zazl\u00edvat. D\u00edky nim n\u00e1m toti\u017e mohou podat mnohem lep\u0161\u00ed v\u00fdkon, ne\u017e jak\u00e9ho by jinak byli schopni. My si tak celou akci l\u00e9pe u\u017eijeme, a rozhodn\u011b z n\u00ed budeme m\u00edt lep\u0161\u00ed z\u00e1\u017eitek. A to je podstatn\u011b d\u016fle\u017eit\u011bj\u0161\u00ed, ne\u017e to, zda muzika nen\u00ed n\u011bjak po\u010d\u00edta\u010dov\u011b upraven\u00e1.                                                                                                                                                                                                                                                                                                                                                                                           3.6\/5 - (5 votes)        "},{"@context":"https:\/\/schema.org\/","@type":"BreadcrumbList","itemListElement":[{"@type":"ListItem","position":1,"name":"Kdy se pou\u017e\u00edv\u00e1 chorus pedal","item":"https:\/\/www.exin.cz\/kdy-se-pouziva-chorus-pedal\/#breadcrumbitem"}]}]