[{"@context":"https:\/\/schema.org\/","@type":"Article","@id":"https:\/\/www.exin.cz\/kdyz-zene-dela-spolecnost-jeji-kamaradka\/#Article","mainEntityOfPage":"https:\/\/www.exin.cz\/kdyz-zene-dela-spolecnost-jeji-kamaradka\/","headline":"Kdy\u017e \u017een\u011b d\u011bl\u00e1 spole\u010dnost jej\u00ed kamar\u00e1dka","name":"Kdy\u017e \u017een\u011b d\u011bl\u00e1 spole\u010dnost jej\u00ed kamar\u00e1dka","description":"Pokud n\u011bco pot\u0159ebuje ka\u017ed\u00e1 \u017eena, je to minim\u00e1ln\u011b jedna kamar\u00e1dka, kter\u00e1 si na danou \u017eenu v\u017edy najde \u010das. Snad neexistuje \u017eena, kter\u00e1 by nem\u011bla minim\u00e1ln\u011b [&hellip;]","datePublished":"2022-12-22","dateModified":"2023-08-23","author":{"@type":"Person","@id":"https:\/\/www.exin.cz\/author\/#Person","name":"","url":"https:\/\/www.exin.cz\/author\/","identifier":1,"image":{"@type":"ImageObject","@id":"https:\/\/secure.gravatar.com\/avatar\/c192bfd1262e8256fe3eac43754b6ece89624ea6667e488d9445cc2d04372644?s=96&d=mm&r=g","url":"https:\/\/secure.gravatar.com\/avatar\/c192bfd1262e8256fe3eac43754b6ece89624ea6667e488d9445cc2d04372644?s=96&d=mm&r=g","height":96,"width":96}},"publisher":{"@type":"Organization","name":"exin.cz","logo":{"@type":"ImageObject","@id":"\/logo.png","url":"\/logo.png","width":600,"height":60}},"image":{"@type":"ImageObject","@id":"https:\/\/www.exin.cz\/wp-content\/uploads\/people-2567915_1280_1.jpg","url":"https:\/\/www.exin.cz\/wp-content\/uploads\/people-2567915_1280_1.jpg","height":0,"width":0},"url":"https:\/\/www.exin.cz\/kdyz-zene-dela-spolecnost-jeji-kamaradka\/","about":["Spole\u010dnost"],"wordCount":432,"articleBody":"Pokud n\u011bco pot\u0159ebuje ka\u017ed\u00e1 \u017eena, je to minim\u00e1ln\u011b jedna kamar\u00e1dka, kter\u00e1 si na danou \u017eenu v\u017edy najde \u010das. Snad neexistuje \u017eena, kter\u00e1 by nem\u011bla minim\u00e1ln\u011b jednu kamar\u00e1dku, se kterou m\u016f\u017ee v\u0161e pot\u0159ebn\u00e9 probrat a je jedno, jestli osobn\u011b nebo p\u0159es telefon. N\u011bkdy je to tak, \u017ee \u010d\u00edm m\u00e9n\u011b kamar\u00e1dek dan\u00e1 \u017eena m\u00e1 t\u00edm l\u00e9pe a to proto, \u017ee m\u00e1 jistotu, \u017ee se informace, kter\u00e9 dan\u00e1 \u017eena druh\u00e9 \u0159ekne, nedostanou nikdy nikam d\u00e1le nebo se nestane to, \u017ee by dan\u00fdch informac\u00ed n\u011bkdo zneu\u017eil, co\u017e se kolikr\u00e1t m\u016f\u017ee st\u00e1t. Je to opravdu o tom, \u017ee je kolikr\u00e1t pot\u0159eba se zamyslet nad t\u00edm, co komu \u0159\u00edk\u00e1te nebo naopak ne\u0159\u00edk\u00e1te. Jsou ur\u010dit\u00e9 v\u011bci, kter\u00e9 by si m\u011bl \u010dlov\u011bk bu\u010f nechat jen pro sebe nebo sd\u011blit pouze \u010dlov\u011bku, kter\u00fd je v\u00e1m opravdu bl\u00edzko. N\u011bkdy je to dokonce tak, \u017ee se s\u00a0ur\u010dit\u00fdmi v\u011bcmi dan\u00e1 \u017eena sv\u011b\u0159\u00ed pouze sv\u00e9 kamar\u00e1dce, kterou u\u017e zn\u00e1 n\u011bkolik des\u00edtek let, a to dokonce mnohem rad\u011bji ne\u017e sv\u00e9mu mu\u017ei. Je pravda, \u017ee \u017eeny si mysl\u00ed, \u017ee jsou v\u011bci, kter\u00e9 by mu\u017ei nikdy nepochopili. Je ale pravdou, \u017ee jsou v\u011bci, kter\u00e9 mu\u017ei nikdy nepochop\u00ed, proto\u017ee pro danou \u017eenu nemaj\u00ed takov\u00e9 pochopen\u00ed, jako jin\u00e1 \u017eena. Za velk\u00fd probl\u00e9m \u017eeny pova\u017euj\u00ed hlavn\u011b to, \u017ee mu\u017ei kolikr\u00e1t m\u00edsto toho, aby jen \u0159ekli, \u017ee danou \u017eenu ch\u00e1pou, za\u010dnou dan\u00e9 \u017een\u011b vykl\u00e1dat, jak by danou v\u011bc vy\u0159e\u0161ili, pro\u010d by to ud\u011blali takhle a nikoliv jinak apod.O n\u011bco takov\u00e9ho ale \u017eeny opravdu nestoj\u00ed. Byly by mnohem rad\u011bji, pokud by jim dan\u00fd mu\u017e jen \u0159ekl, \u017ee danou \u017eenu ch\u00e1pou a t\u00edm by to skon\u010dilo. Kolikr\u00e1t n\u011bco takov\u00e9ho je t\u00edm d\u016fvodem, pro\u010d se \u017eena rad\u011bji sv\u011b\u0159\u00ed n\u011bjak\u00e9 sv\u00e9 kamar\u00e1dce, a ne sv\u00e9mu p\u0159\u00edteli. Kdy\u017e se nad t\u00edm mu\u017e zamysl\u00ed, mo\u017en\u00e1 \u017ee s\u00e1m dojde k\u00a0z\u00e1v\u011bru, \u017ee na tom n\u011bco opravdu bude. Bylo by dobr\u00e9 se nad t\u00edm zamyslet a zkusit zm\u011bnit postoj. M\u016f\u017ee to v\u00a0hodn\u011b v\u011bcech pomoci. Nikdo nem\u016f\u017ee m\u00edt \u017een\u011b za zl\u00e9, \u017ee se s\u00a0ur\u010dit\u00fdmi v\u011bcmi rad\u011bji sv\u011b\u0159uje jen sv\u00e9 kamar\u00e1dce. Rozhodn\u011b to nebude jen tak.                                                                                                                                                                                                                                                                                                                                                                                        4.1\/5 - (10 votes)        "},{"@context":"https:\/\/schema.org\/","@type":"BreadcrumbList","itemListElement":[{"@type":"ListItem","position":1,"name":"Kdy\u017e \u017een\u011b d\u011bl\u00e1 spole\u010dnost jej\u00ed kamar\u00e1dka","item":"https:\/\/www.exin.cz\/kdyz-zene-dela-spolecnost-jeji-kamaradka\/#breadcrumbitem"}]}]