[{"@context":"https:\/\/schema.org\/","@type":"Article","@id":"https:\/\/www.exin.cz\/letni-mesice-si-uzij-doma-a-levneji\/#Article","mainEntityOfPage":"https:\/\/www.exin.cz\/letni-mesice-si-uzij-doma-a-levneji\/","headline":"Letn\u00ed m\u011bs\u00edce si u\u017eij doma a levn\u011bji","name":"Letn\u00ed m\u011bs\u00edce si u\u017eij doma a levn\u011bji","description":"L\u00e9to je prost\u011b to nejkr\u00e1sn\u011bj\u0161\u00ed obdob\u00ed, ur\u010dit\u011b nikdo nen\u00ed zast\u00e1nce toho, \u017ee by nem\u011bl r\u00e1d l\u00e9to. Ka\u017ed\u00fd m\u00e1 r\u00e1d l\u00e9to, proto\u017ee venku jsou velk\u00e1 vedra, [&hellip;]","datePublished":"2024-02-15","dateModified":"2024-03-16","author":{"@type":"Person","@id":"https:\/\/www.exin.cz\/author\/#Person","name":"","url":"https:\/\/www.exin.cz\/author\/","identifier":1,"image":{"@type":"ImageObject","@id":"https:\/\/secure.gravatar.com\/avatar\/c192bfd1262e8256fe3eac43754b6ece89624ea6667e488d9445cc2d04372644?s=96&d=mm&r=g","url":"https:\/\/secure.gravatar.com\/avatar\/c192bfd1262e8256fe3eac43754b6ece89624ea6667e488d9445cc2d04372644?s=96&d=mm&r=g","height":96,"width":96}},"publisher":{"@type":"Organization","name":"exin.cz","logo":{"@type":"ImageObject","@id":"\/logo.png","url":"\/logo.png","width":600,"height":60}},"image":{"@type":"ImageObject","@id":"https:\/\/www.exin.cz\/wp-content\/uploads\/bazen7_10_10_10_10_10_9.jpg","url":"https:\/\/www.exin.cz\/wp-content\/uploads\/bazen7_10_10_10_10_10_9.jpg","height":0,"width":0},"url":"https:\/\/www.exin.cz\/letni-mesice-si-uzij-doma-a-levneji\/","about":["Produkty"],"wordCount":434,"articleBody":"   L\u00e9to je prost\u011b to nejkr\u00e1sn\u011bj\u0161\u00ed obdob\u00ed, ur\u010dit\u011b nikdo nen\u00ed zast\u00e1nce toho, \u017ee by nem\u011bl r\u00e1d l\u00e9to. Ka\u017ed\u00fd m\u00e1 r\u00e1d l\u00e9to, proto\u017ee venku jsou velk\u00e1 vedra, m\u016f\u017eete se kr\u00e1sn\u011b opalovat a rozhodn\u011b, kdo se opaluje, tak b\u00fdv\u00e1 rozhodn\u011b kr\u00e1sn\u011b op\u00e1len. Nemus\u00edte nikam jezdit ani na dovolenou, proto\u017ee takov\u00fd \u00fa\u017easn\u00fd den si klidn\u011b m\u016f\u017eete ud\u011blat u v\u00e1s na zahrad\u011b. V letn\u00edch m\u011bs\u00edc\u00edch je opravdu \u00fapln\u011b jedno, jestli jste venku nebo nejste, nebo samoz\u0159ejm\u011b je jedno, jestli jedete na dovolenou nebo ne, prost\u011b takov\u00fd den si m\u016f\u017eete ud\u011blat i vy doma. Par\u00e1dn\u00ed je, kdy\u017e si prost\u011b vezmete leh\u00e1tko a lehnete si na n\u011bj, prost\u011b se budete V\u00fdhodou toho je, kdy\u017e prost\u011b m\u00e1te d\u016fm a zahradu, ale m\u00e1te tam baz\u00e9n, tak\u017ee ur\u010dit\u011b si mysl\u00edm, \u017ee ka\u017ed\u00fd m\u00e1 r\u00e1d baz\u00e9n.Ka\u017ed\u00fd se r\u00e1d koupe a t\u00edm nejlep\u0161\u00edm jsou samoz\u0159ejm\u011b baz\u00e9ny do zem\u011b, proto\u017ee tam se n\u00e1ramn\u011b vykoupete, m\u016f\u017eete si p\u011bkn\u011b zaplavat a samoz\u0159ejm\u011b, kdy\u017e si potom lehnete na to leh\u00e1tko a p\u016fjdete se zase opalovat, tak to je opravdu \u00fa\u017easn\u00e9. N\u00e1dhern\u011b se op\u00e1l\u00edte a nemus\u00edte jezdit ani na \u017e\u00e1dnou dovolenou, proto\u017ee d\u016fm a zahrada v\u00e1m tohle v\u0161echno prost\u011b d\u00e1, hlavn\u011b kdy\u017e tam m\u00e1te ten baz\u00e9n, proto\u017ee ka\u017ed\u00fd se chce prost\u011b osv\u011b\u017eit a ka\u017ed\u00fd miluje l\u00e9to. Kdo nemiluje l\u00e9to, tak tv\u00e9ho \u010dlov\u011bka opravdu jen tak nepotk\u00e1te, proto\u017ee l\u00e9to opravdu miluje ka\u017ed\u00fd. A kdo se r\u00e1d opaluje, tak je pro n\u011bj l\u00e9to jako stvo\u0159en\u00e9. Venku na zahrad\u011b se m\u016f\u017eete op\u00e1lit \u00fapln\u011b n\u00e1ramn\u00fdm zp\u016fsobem a budete vypadat \u00fapln\u011b jako kdybyste p\u0159ijeli od mo\u0159e. Kdy\u017e na v\u00e1s bude kr\u00e1sn\u011b sv\u00edtit slun\u00ed\u010dko, tak uvid\u00edte \u017ee budete op\u00e1len\u00ed jak opravdu od mo\u0159e. opalovat, proto\u017ee to je nejkr\u00e1sn\u011bj\u0161\u00ed, co v l\u00e9t\u011b m\u016f\u017eete ud\u011blat. N\u011bkdo si mysl\u00ed, \u017ee kdy\u017e jede v l\u00e9t\u011b na dovolenou, \u017ee se v\u0161echno zm\u011bn\u00ed a \u017ee prost\u011b budete cestovat 10 hodin n\u011bkam na dovolenou tam a zp\u00e1tky, ale prost\u011b nakonec jste z toho mnohem v\u00edc vy\u010derp\u00e1n\u00ed, ne\u017e kdy\u017e jste doma. Takhle lehnete prost\u011b na to leh\u00e1tko, co\u017e je \u00fapln\u011b super.                                                                                                                                                                                                                                                                                                                                                                                          3.9\/5 - (7 votes)        "},{"@context":"https:\/\/schema.org\/","@type":"BreadcrumbList","itemListElement":[{"@type":"ListItem","position":1,"name":"Letn\u00ed m\u011bs\u00edce si u\u017eij doma a levn\u011bji","item":"https:\/\/www.exin.cz\/letni-mesice-si-uzij-doma-a-levneji\/#breadcrumbitem"}]}]